{"id":753,"date":"2022-10-03T16:36:57","date_gmt":"2022-10-03T14:36:57","guid":{"rendered":"http:\/\/adapa-asso.net\/?p=753"},"modified":"2022-12-02T10:50:48","modified_gmt":"2022-12-02T09:50:48","slug":"journee-de-formation-et-dechanges-consolider-un-systeme-delevage-econome-vendredi-7-octobre-2022","status":"publish","type":"post","link":"https:\/\/adapa-asso.net\/index.php\/2022\/10\/03\/journee-de-formation-et-dechanges-consolider-un-systeme-delevage-econome-vendredi-7-octobre-2022\/","title":{"rendered":"Journ\u00e9e de formation et d&rsquo;\u00e9changes \u00ab\u00a0Consolider un syst\u00e8me d&rsquo;\u00e9levage \u00e9conome\u00a0\u00bb &#8211; vendredi 7 octobre 2022"},"content":{"rendered":"\n<p><strong>Chez Roxanna Cioclu, le matin \u00e0 la salle de conseil de Saint-Fiel (23000) et l\u2019apr\u00e8s-midi \u00e0 Le Roudeau<\/strong> de 10h \u00e0 17h30.<\/p>\n\n\n\n<p><em><strong>Comment <\/strong><\/em><em><strong>p\u00e2turer un maximum sur s<\/strong><\/em><em><strong>a ferme <\/strong><\/em><em><strong>quelque soit le type de parcelle<\/strong><\/em><em><strong>s et la production\u00a0? Quelle<\/strong><\/em><em><strong>s<\/strong><\/em><em><strong> pr\u00e9caution<\/strong><\/em><em><strong>s<\/strong><\/em><em><strong> sur le parasitisme et la qualit\u00e9 des fourrages p\u00e0 <\/strong><\/em><em><strong>avoir <\/strong><\/em><em><strong>our \u00eatre 100\u00a0% \u00e0 l\u2019herbe\u00a0?<\/strong><\/em><\/p>\n\n\n\n<p><em><strong>Venez profiter d\u2019un temps de formation e<\/strong><\/em><em><strong>t <\/strong><\/em><em><strong>d\u2019\u00e9change<\/strong><\/em><em><strong>s <\/strong><\/em><em><strong>autour de cette th\u00e9matique.<\/strong><\/em><\/p>\n\n\n\n<p>Roxana est install\u00e9e depuis le d\u00e9but de l\u2019ann\u00e9e sur une ferme de 39 Ha avec une cinquantaine de ch\u00e8vres Mohair. Ces animaux sont mis \u00e0 la reproduction \u00e0 2ans et demi -3 ans et sont \u00e9lev\u00e9s sans besoin particulier hormis une nourriture \u00e9quilibr\u00e9e pour faire une bonne laine<\/p>\n\n\n\n<p><strong>La ferme servir<\/strong><strong>a<\/strong><strong> d\u2019<\/strong><strong>illustration<\/strong> pour r\u00e9pondre \u00e0 deux questions\u00a0:<\/p>\n\n\n\n<ol class=\"wp-block-list\"><li>comment organiser son p\u00e2turage pour minimiser les charges de m\u00e9canisation et avoir de la p\u00e2ture de qualit\u00e9 sans intrant\u00a0?<\/li><li>Comment g\u00e9rer le p\u00e2turage dans le temps avec un seul type d\u2019animal\u00a0: parasitisme, analyse de la flore des prairies, p\u00e2turage estival et hivernal\u00a0?<\/li><\/ol>\n\n\n\n<p><em><strong>Sur la matin\u00e9e , <\/strong><\/em>nous nous concentrerons sur le fonctionnement du p\u00e2turage tournant et ses implications organisationnelles sur le troupeau et la ferme.<\/p>\n\n\n\n<p><em><strong>\u00c0 midi, venez avec quelque chose \u00e0 partager pour manger tous ensemble.<\/strong><\/em><\/p>\n\n\n\n<p><em><strong>Sur l\u2019apr\u00e8s-midi<\/strong><\/em>, le groupe analysera les pistes d\u2019\u00e9volution possible sur la ferme prise en exemple et sur la ferme de chacun des participants au regard du d\u00e9roulement de la journ\u00e9e. Nous parlerons aussi de mani\u00e8re plus approfondie des sp\u00e9cificit\u00e9s d\u2019un troupeau au p\u00e2turage\u00a0: \u00e9ducation alimentaire, sensibilit\u00e9 au parasitisme, g\u00e9n\u00e9tiques, races\u2026<\/p>\n\n\n\n<p>La journ\u00e9e s\u2019adresse a tous les agriculteurs int\u00e9ress\u00e9s par cette th\u00e9matique et est financ\u00e9e via vos droits \u00e0 la formation revers\u00e9s par l\u2019\u00e9tablissement collecteur VIV\u00c9A. Inscrivez-vous, s\u2019il vous pla\u00eet\u00a0!<\/p>\n\n\n\n<p><strong>En cas de handicap, contactez nous pour participer au mieux \u00e0 la formation.<\/strong><\/p>\n\n\n\n<p><strong>Pour venir\u00a0<\/strong><strong>chez Roxana\u00a0: <\/strong>en sortant de Saint Fiel, passez le pont et le dolmen puis 1\u00e8re \u00e0 gauche. Avant l\u2019entr\u00e9e du village il y a une bo\u00eete aux lettres rouge et un chemin\u00a0: c\u2019est l\u00e0\u00a0!<\/p>\n\n\n\n<p><img loading=\"lazy\" decoding=\"async\" src=\"blob:https:\/\/adapa-asso.net\/928f6fc8-a0d2-433b-b9c2-9fcc87d61fbd\" width=\"413\" height=\"77\"> Journ\u00e9e organis\u00e9e par l\u2019ADAPA dans le cadre du programme Agriculture Durable de Moyenne Montagne et <img loading=\"lazy\" decoding=\"async\" src=\"blob:https:\/\/adapa-asso.net\/e7978ca0-cd6e-48d9-9aeb-87cca7525be4\" width=\"160\" height=\"90\"> financ\u00e9e par\u00a0:<\/p>\n\n\n\n<p>Pour plus de renseignements\u00a0: Caroline Dos Santos 06 77 19 48 19 caroline.dos-santos@adapa-asso.net<\/p>\n","protected":false},"excerpt":{"rendered":"<p>Chez Roxanna Cioclu, le matin \u00e0 la salle de conseil de Saint-Fiel (23000) et l\u2019apr\u00e8s-midi \u00e0 Le Roudeau de 10h \u00e0 17h30. Comment p\u00e2turer un maximum sur sa ferme quelque soit le type de parcelles et la production\u00a0? Quelles pr\u00e9cautions sur le parasitisme et la qualit\u00e9 des fourrages p\u00e0 avoir our \u00eatre 100\u00a0% \u00e0 l\u2019herbe\u00a0?&#8230;<\/p>\n","protected":false},"author":2,"featured_media":0,"comment_status":"open","ping_status":"open","sticky":false,"template":"","format":"standard","meta":{"_kadence_starter_templates_imported_post":false,"_kad_post_transparent":"","_kad_post_title":"","_kad_post_layout":"","_kad_post_sidebar_id":"","_kad_post_content_style":"","_kad_post_vertical_padding":"","_kad_post_feature":"","_kad_post_feature_position":"","_kad_post_header":false,"_kad_post_footer":false,"_kad_post_classname":"","footnotes":""},"categories":[29],"tags":[],"class_list":["post-753","post","type-post","status-publish","format-standard","hentry","category-herbe"],"_links":{"self":[{"href":"https:\/\/adapa-asso.net\/index.php\/wp-json\/wp\/v2\/posts\/753","targetHints":{"allow":["GET"]}}],"collection":[{"href":"https:\/\/adapa-asso.net\/index.php\/wp-json\/wp\/v2\/posts"}],"about":[{"href":"https:\/\/adapa-asso.net\/index.php\/wp-json\/wp\/v2\/types\/post"}],"author":[{"embeddable":true,"href":"https:\/\/adapa-asso.net\/index.php\/wp-json\/wp\/v2\/users\/2"}],"replies":[{"embeddable":true,"href":"https:\/\/adapa-asso.net\/index.php\/wp-json\/wp\/v2\/comments?post=753"}],"version-history":[{"count":1,"href":"https:\/\/adapa-asso.net\/index.php\/wp-json\/wp\/v2\/posts\/753\/revisions"}],"predecessor-version":[{"id":754,"href":"https:\/\/adapa-asso.net\/index.php\/wp-json\/wp\/v2\/posts\/753\/revisions\/754"}],"wp:attachment":[{"href":"https:\/\/adapa-asso.net\/index.php\/wp-json\/wp\/v2\/media?parent=753"}],"wp:term":[{"taxonomy":"category","embeddable":true,"href":"https:\/\/adapa-asso.net\/index.php\/wp-json\/wp\/v2\/categories?post=753"},{"taxonomy":"post_tag","embeddable":true,"href":"https:\/\/adapa-asso.net\/index.php\/wp-json\/wp\/v2\/tags?post=753"}],"curies":[{"name":"wp","href":"https:\/\/api.w.org\/{rel}","templated":true}]}}