{"id":590,"date":"2022-04-13T14:17:18","date_gmt":"2022-04-13T12:17:18","guid":{"rendered":"http:\/\/adapa-asso.net\/?p=590"},"modified":"2022-12-02T11:04:55","modified_gmt":"2022-12-02T10:04:55","slug":"journee-dechanges-quelles-sont-les-relations-entre-mon-paturage-et-la-flore-de-mes-prairies-mardi-8-mars","status":"publish","type":"post","link":"https:\/\/adapa-asso.net\/index.php\/2022\/04\/13\/journee-dechanges-quelles-sont-les-relations-entre-mon-paturage-et-la-flore-de-mes-prairies-mardi-8-mars\/","title":{"rendered":"Journ\u00e9e d&rsquo;\u00e9changes \u00ab\u00a0quelles sont les relations entre mon p\u00e2turage et la flore de mes prairies ?\u00a0\u00bb &#8211; mardi 8 mars"},"content":{"rendered":"\n<p><strong>Au stade de football de Champnetery le matin et sur la ferme d\u2019Arnaud Laurent (Le Mas Crochet) l\u2019apr\u00e8s-midi<\/strong>. De 10h \u00e0 17h30. <\/p>\n\n\n\n<blockquote class=\"wp-block-quote is-layout-flow wp-block-quote-is-layout-flow\"><p><em><strong>Depuis un an, nous avons entam\u00e9 au sein de l\u2019ADAPA un travail de collaboration afin de cr\u00e9er un savoir empirique entre \u00e9leveurs et botanistes sur l\u2019influence des pratiques agricoles aupr\u00e8s de la flore de nos prairies naturelles.\u00a0<\/strong><\/em><\/p><\/blockquote>\n\n\n\n<blockquote class=\"wp-block-quote is-layout-flow wp-block-quote-is-layout-flow\"><p><em><strong>Un botaniste comprend les plantes et leurs associations mais ne saisit pas toujours les nuances des pratiques agricoles (p\u00e2turages, amendements organiques diff\u00e9rents, influence des esp\u00e8ces animales\u2026). De notre c\u00f4t\u00e9, nous manquons de connaissances botaniques pour mettre des mots sur ce que nous observons.<\/strong><\/em><\/p><\/blockquote>\n\n\n\n<blockquote class=\"wp-block-quote is-layout-flow wp-block-quote-is-layout-flow\"><p><em><strong>Le conservatoire botanique du Massif Central vient donc mardi afin que nous puissions confronter nos diff\u00e9rents regards, \u00e9changer et observer sur le terrain et ainsi mieux cibler nos questionnements et nos exp\u00e9riences \u00e0 mener sur les deux prochaines ann\u00e9es.<\/strong><\/em><\/p><\/blockquote>\n\n\n\n<blockquote class=\"wp-block-quote is-layout-flow wp-block-quote-is-layout-flow\"><p><em><strong>Si cette d\u00e9marche vous int\u00e9resse, venez\u00a0!<\/strong><\/em><\/p><\/blockquote>\n\n\n\n<blockquote class=\"wp-block-quote is-layout-flow wp-block-quote-is-layout-flow\"><p>Pr\u00e9ambule\u00a0: n\u2019h\u00e9sitez pas \u00e0 amener des photos et \u00e0 r\u00e9fl\u00e9chir \u00e0 des plantes qui vous posent question et que l\u2019on pourrait passer voir dans l\u2019ann\u00e9e.<\/p><\/blockquote>\n\n\n\n<blockquote class=\"wp-block-quote is-layout-flow wp-block-quote-is-layout-flow\"><p><strong>Atelier 1\u00a0:<\/strong><strong>Les prairies naturelles, qu\u2019est-ce que c\u2019est\u00a0? Comment \u00e7a marche\u00a0?<\/strong><\/p><\/blockquote>\n\n\n\n<blockquote class=\"wp-block-quote is-layout-flow wp-block-quote-is-layout-flow\"><p><em>Matin\u00e9e, en salle de 10h-11h30<\/em><em>\/ observation de terrain de 11h30-12h30<\/em><\/p><\/blockquote>\n\n\n\n<ul class=\"wp-block-list\"><li>Pr\u00e9sentation de la m\u00e9thode TRAME\u00a0: comprendre comment s\u2019organise la biodiversit\u00e9 sur une ferme. Peut-on faire \u00e9voluer un milieu ou doit-on s\u2019adapter au milieu\u00a0?<\/li><li>Pr\u00e9sentation des grands types de milieux, lien avec la typologie fonctionnelle des gramin\u00e9es et impact th\u00e9orique des s\u00e9cheresses.<\/li><li>\u00c9cologie des esp\u00e8ces, pr\u00e9sentation de la perturbation interm\u00e9diaire en \u00e9cologie (impacts positifs possibles de la pratique agricole), le paradoxe des dicotyl\u00e9dones (\u00e9volution historique des rapports gramin\u00e9es\/dicotyl\u00e9dones).<\/li><li>D\u00e9finition, fonctionnement et int\u00e9r\u00eat des diff\u00e9rentes prairies naturelles pour l\u2019exploitation.<\/li><li>Les esp\u00e8ces indicatrices des diff\u00e9rents niveaux de fertilit\u00e9 et d\u2019utilisation rencontr\u00e9es sur le Massif central.<\/li><li>Reconna\u00eetre les esp\u00e8ces \u00e0 probl\u00e8me, et les pratiques pouvant les favoriser.<\/li><li>Mise en place d\u2019un observatoire ph\u00e9nologique, quelles observations valid\u00e9es sur vos territoires pour juger de l\u2019\u00e9tat d\u2019avanc\u00e9e des parcelles.<\/li><\/ul>\n\n\n\n<blockquote class=\"wp-block-quote is-layout-flow wp-block-quote-is-layout-flow\"><p><strong>12h30 \u2013 13h30\u00a0: Repas <\/strong><em>(<\/em><em>apportez quelque chose \u00e0 partager)<\/em><\/p><\/blockquote>\n\n\n\n<blockquote class=\"wp-block-quote is-layout-flow wp-block-quote-is-layout-flow\"><p><strong>Atelier 2\u00a0:<\/strong><strong>Prairies naturelles, observation de terrain et reconnaissance des types<\/strong><\/p><\/blockquote>\n\n\n\n<blockquote class=\"wp-block-quote is-layout-flow wp-block-quote-is-layout-flow\"><p><em>Apr\u00e8s-midi, 13h30-16h00 environ<\/em><\/p><\/blockquote>\n\n\n\n<ul class=\"wp-block-list\"><li>Pr\u00e9sentation de la ferme et de ces conditions \u00e9cologiques<\/li><li>Application de la m\u00e9thode d\u2019analyse des prairies et des esp\u00e8ces indicatrices<\/li><li>Pr\u00e9sentation de diff\u00e9rents types de prairies en lien avec la typologie multifonctionnelle du Massif central, lien avec les pratiques de fertilisation connues des parcelles, recherche des esp\u00e8ces indicatrices, visite de parcelles d\u2019hivernage.<\/li><\/ul>\n\n\n\n<p><em>Apr\u00e8s-midi, 16h00-17h00 retour sur la journ\u00e9e et perspectives<\/em>.<\/p>\n\n\n\n<p><strong>\u00a0\u00a0\u00a0 \u00a0\u00a0\u00a0 Merci de venir \u00e0 l\u2019heure, autant que faire se peut, car nos invit\u00e9s ont de la route \u00e0 faire pour rentrer chez eux\u00a0!<\/strong><\/p>\n\n\n\n<blockquote class=\"wp-block-quote is-layout-flow wp-block-quote-is-layout-flow\"><p><strong>Pour s\u2019inscrire<\/strong><\/p><p><a href=\"mailto:caroline.dos-santoe@civam.org\">caroline.dos-santos@<\/a>adapa-asso.net<\/p><\/blockquote>\n","protected":false},"excerpt":{"rendered":"<p>Au stade de football de Champnetery le matin et sur la ferme d\u2019Arnaud Laurent (Le Mas Crochet) l\u2019apr\u00e8s-midi. De 10h \u00e0 17h30. Depuis un an, nous avons entam\u00e9 au sein de l\u2019ADAPA un travail de collaboration afin de cr\u00e9er un savoir empirique entre \u00e9leveurs et botanistes sur l\u2019influence des pratiques agricoles aupr\u00e8s de la flore&#8230;<\/p>\n","protected":false},"author":2,"featured_media":0,"comment_status":"closed","ping_status":"closed","sticky":false,"template":"","format":"standard","meta":{"_kadence_starter_templates_imported_post":false,"_kad_post_transparent":"","_kad_post_title":"","_kad_post_layout":"","_kad_post_sidebar_id":"","_kad_post_content_style":"","_kad_post_vertical_padding":"","_kad_post_feature":"","_kad_post_feature_position":"","_kad_post_header":false,"_kad_post_footer":false,"_kad_post_classname":"","footnotes":""},"categories":[4],"tags":[],"class_list":["post-590","post","type-post","status-publish","format-standard","hentry","category-biodiversite"],"_links":{"self":[{"href":"https:\/\/adapa-asso.net\/index.php\/wp-json\/wp\/v2\/posts\/590","targetHints":{"allow":["GET"]}}],"collection":[{"href":"https:\/\/adapa-asso.net\/index.php\/wp-json\/wp\/v2\/posts"}],"about":[{"href":"https:\/\/adapa-asso.net\/index.php\/wp-json\/wp\/v2\/types\/post"}],"author":[{"embeddable":true,"href":"https:\/\/adapa-asso.net\/index.php\/wp-json\/wp\/v2\/users\/2"}],"replies":[{"embeddable":true,"href":"https:\/\/adapa-asso.net\/index.php\/wp-json\/wp\/v2\/comments?post=590"}],"version-history":[{"count":1,"href":"https:\/\/adapa-asso.net\/index.php\/wp-json\/wp\/v2\/posts\/590\/revisions"}],"predecessor-version":[{"id":591,"href":"https:\/\/adapa-asso.net\/index.php\/wp-json\/wp\/v2\/posts\/590\/revisions\/591"}],"wp:attachment":[{"href":"https:\/\/adapa-asso.net\/index.php\/wp-json\/wp\/v2\/media?parent=590"}],"wp:term":[{"taxonomy":"category","embeddable":true,"href":"https:\/\/adapa-asso.net\/index.php\/wp-json\/wp\/v2\/categories?post=590"},{"taxonomy":"post_tag","embeddable":true,"href":"https:\/\/adapa-asso.net\/index.php\/wp-json\/wp\/v2\/tags?post=590"}],"curies":[{"name":"wp","href":"https:\/\/api.w.org\/{rel}","templated":true}]}}