{"id":588,"date":"2022-04-13T14:14:22","date_gmt":"2022-04-13T12:14:22","guid":{"rendered":"http:\/\/adapa-asso.net\/?p=588"},"modified":"2022-12-02T10:51:58","modified_gmt":"2022-12-02T09:51:58","slug":"journee-dechanges-consolider-un-systeme-delevage-econome-mardi-1-mars","status":"publish","type":"post","link":"https:\/\/adapa-asso.net\/index.php\/2022\/04\/13\/journee-dechanges-consolider-un-systeme-delevage-econome-mardi-1-mars\/","title":{"rendered":"Journ\u00e9e d&rsquo;\u00e9changes \u00ab\u00a0consolider un syst\u00e8me d&rsquo;\u00e9levage \u00e9conome\u00a0\u00bb &#8211; mardi 1 mars"},"content":{"rendered":"\n<p><strong>Chez Valentin Dignac<\/strong>, <strong>Les Chassagnoles 19460 NAVES<\/strong>, de 10h \u00e0 17h30.<\/p>\n\n\n\n<p><em><strong>Au sortir de l\u2019hiver comment d\u00e9buter le d\u00e9primage ? <\/strong><\/em><em><strong>Quels lots constituer et comment les r\u00e9partir sur <\/strong><\/em><em><strong>un<\/strong><\/em><em><strong> parcellaire <\/strong><\/em><em><strong>dispers\u00e9 <\/strong><\/em><em><strong>? <\/strong><\/em><em><strong>Quelles m\u00e9thodes employer pour \u00eatre en plein air int\u00e9gral toute l\u2019ann\u00e9e ?<\/strong><\/em><\/p>\n\n\n\n<p><em><strong>Au terme d\u2019une ann\u00e9e en p\u00e2turage tournant, Valentin se questionne sur la consolidation de son syst\u00e8me. Cette journ\u00e9e sera l\u2019occasion pour tous d\u2019\u00e9changer sur vos pratiques et astuces techniques de conduite de troupeaux en syst\u00e8me herbager.<\/strong><\/em><\/p>\n\n\n\n<p>Depuis janvier 2021 Valentin a repris la ferme familial. Install\u00e9 en GAEC avec sa m\u00e8re sur 70 Ha, il \u00e9l\u00e8ve un troupeau de 35 vaches m\u00e8res limousines et pr\u00e8s de 4800 canards. Il cultive \u00e9galement 10 Ha de ma\u00efs, de m\u00e9teil et de bl\u00e9 presque exclusivement en autoconsommation. D\u00e8s son installation, Valentin a souhait\u00e9 mettre en place un syst\u00e8me d\u2019\u00e9levage autonome et \u00e9conome en engraissant au maximum ses bovins \u00e0 l\u2019herbe. Pour se faire, il a exp\u00e9riment\u00e9 le p\u00e2turage tournant en divisant en lots son cheptel en fonction de son parcellaire.<\/p>\n\n\n\n<p><strong>Le matin<\/strong> nous dresserons avec Valentin <strong>le bilan<\/strong> de cette premi\u00e8re ann\u00e9e en p\u00e2turage tournant. A l\u2019aide du calendrier de p\u00e2ture et des cartes cadastrales de Valentin nous discuterons des <strong>atouts et faiblesses<\/strong> de son organisation. Ce sera l\u2019occasion pour chacun d\u2019exposer les probl\u00e9matiques et avantages de son syst\u00e8me respectif.<\/p>\n\n\n\n<p><strong>L\u2019apr\u00e8s-midi<\/strong> sera consacr\u00e9 au terrain. Nous visiterons entre autres deux parcelles avec une dominance de dactyle. Nous chercherons \u00e0 savoir comment am\u00e9liorer la flore de ces prairies.<\/p>\n\n\n\n<p><strong>Amenez un plat sal\u00e9 ou sucr\u00e9 \u00e0 partager pour le midi.<\/strong><strong> Attention, <\/strong><strong>si vous venez du nord de l\u2019A89<\/strong><strong> votre GPS pourrait vous jouer des tours. Afin d\u2019\u00e9viter de prendre les chemins de terre, inscrivez le lieu dit Facherivi\u00e8re<\/strong><strong>. La ferme se trouve 800m au nord-ouest.<\/strong><\/p>\n\n\n\n<p><strong>Cette journ\u00e9e s\u2019adresse \u00e0 toutes et \u00e0 tous, aucun pr\u00e9requis n\u2019est demand\u00e9 pour y participer.<\/strong><\/p>\n\n\n\n<p><strong>Pour rappel, la prochaine journ\u00e9e d\u2019\u00e9change aura lieu le <\/strong><strong>mardi <\/strong><strong>8<\/strong><strong> mars chez <\/strong><strong>Arnaud Laurent au Mas Crochet et \u00e0 la mairie de Champnetry<\/strong><strong>.<\/strong><strong> Que me disent les plantes de ma prairie: Peut-on faire \u00e9voluer un milieu ou doit-on s\u2019y adapter ? <\/strong><strong>Q<\/strong><strong>uelle<\/strong><strong>s<\/strong><strong> sont les esp\u00e8ces indicatrices de mon niveau de fertilit\u00e9 ou de ma pratique? Quelles esp\u00e8ces sont probl\u00e9matiques<\/strong><strong>? Venez \u00e9changer avec Pierre-marie Le Henaff du conservatoire botanique et peut-\u00eatre Jean-Pierre Theau de l\u2019INRA<\/strong><strong>E<\/strong><strong> sur vos observations et sur les leurs. N\u2019h\u00e9sitez pas \u00e0 ramener des photos de plantes ou de prairies qui vous questionnent.<\/strong><\/p>\n\n\n\n<p><strong>Pour<\/strong> <strong>s\u2019inscrire<\/strong> :<\/p>\n\n\n\n<p>albane.stoffel<a href=\"mailto:caroline.dos-santoe@civam.org\"><u>@<\/u><\/a>adapa-asso.net<\/p>\n","protected":false},"excerpt":{"rendered":"<p>Chez Valentin Dignac, Les Chassagnoles 19460 NAVES, de 10h \u00e0 17h30. Au sortir de l\u2019hiver comment d\u00e9buter le d\u00e9primage ? Quels lots constituer et comment les r\u00e9partir sur un parcellaire dispers\u00e9 ? Quelles m\u00e9thodes employer pour \u00eatre en plein air int\u00e9gral toute l\u2019ann\u00e9e ? Au terme d\u2019une ann\u00e9e en p\u00e2turage tournant, Valentin se questionne sur&#8230;<\/p>\n","protected":false},"author":2,"featured_media":0,"comment_status":"closed","ping_status":"closed","sticky":false,"template":"","format":"standard","meta":{"_kadence_starter_templates_imported_post":false,"_kad_post_transparent":"","_kad_post_title":"","_kad_post_layout":"","_kad_post_sidebar_id":"","_kad_post_content_style":"","_kad_post_vertical_padding":"","_kad_post_feature":"","_kad_post_feature_position":"","_kad_post_header":false,"_kad_post_footer":false,"_kad_post_classname":"","footnotes":""},"categories":[5,29],"tags":[],"class_list":["post-588","post","type-post","status-publish","format-standard","hentry","category-engraissement-a-lherbe","category-herbe"],"_links":{"self":[{"href":"https:\/\/adapa-asso.net\/index.php\/wp-json\/wp\/v2\/posts\/588","targetHints":{"allow":["GET"]}}],"collection":[{"href":"https:\/\/adapa-asso.net\/index.php\/wp-json\/wp\/v2\/posts"}],"about":[{"href":"https:\/\/adapa-asso.net\/index.php\/wp-json\/wp\/v2\/types\/post"}],"author":[{"embeddable":true,"href":"https:\/\/adapa-asso.net\/index.php\/wp-json\/wp\/v2\/users\/2"}],"replies":[{"embeddable":true,"href":"https:\/\/adapa-asso.net\/index.php\/wp-json\/wp\/v2\/comments?post=588"}],"version-history":[{"count":1,"href":"https:\/\/adapa-asso.net\/index.php\/wp-json\/wp\/v2\/posts\/588\/revisions"}],"predecessor-version":[{"id":589,"href":"https:\/\/adapa-asso.net\/index.php\/wp-json\/wp\/v2\/posts\/588\/revisions\/589"}],"wp:attachment":[{"href":"https:\/\/adapa-asso.net\/index.php\/wp-json\/wp\/v2\/media?parent=588"}],"wp:term":[{"taxonomy":"category","embeddable":true,"href":"https:\/\/adapa-asso.net\/index.php\/wp-json\/wp\/v2\/categories?post=588"},{"taxonomy":"post_tag","embeddable":true,"href":"https:\/\/adapa-asso.net\/index.php\/wp-json\/wp\/v2\/tags?post=588"}],"curies":[{"name":"wp","href":"https:\/\/api.w.org\/{rel}","templated":true}]}}