{"id":536,"date":"2021-11-02T09:51:36","date_gmt":"2021-11-02T08:51:36","guid":{"rendered":"http:\/\/adapa-asso.net\/?p=536"},"modified":"2022-08-17T14:04:27","modified_gmt":"2022-08-17T12:04:27","slug":"journee-valoriser-des-filieres-locales-grace-a-lherbe","status":"publish","type":"post","link":"https:\/\/adapa-asso.net\/index.php\/2021\/11\/02\/journee-valoriser-des-filieres-locales-grace-a-lherbe\/","title":{"rendered":"Journ\u00e9e d\u00e9bat : Lait et viande, valoriser des fili\u00e8res locales gr\u00e2ce \u00e0 l&rsquo;herbe. LUN. 15 NOV., Massiac (15)"},"content":{"rendered":"\n<p>Journ\u00e9e d\u00e9bat sur la cr\u00e9ation de fili\u00e8res valorisant l\u2019\u00e9levage herbager : enjeux pour l\u2019\u00e9levage bovin de l\u2019Est-Cantal, d\u00e9marches locales en cours, intervention de l\u2019ADAPA sur l\u2019engraissement \u00e0 l\u2019herbe, certifications etc.<\/p>\n\n\n\n<figure class=\"wp-block-image size-large\"><img loading=\"lazy\" decoding=\"async\" width=\"724\" height=\"1024\" src=\"https:\/\/adapa-asso.net\/wp-content\/uploads\/2021\/11\/Invitation_15nov2021_filieres_Massiac-page-001-724x1024.jpg\" alt=\"\" class=\"wp-image-537\" srcset=\"https:\/\/adapa-asso.net\/wp-content\/uploads\/2021\/11\/Invitation_15nov2021_filieres_Massiac-page-001-724x1024.jpg 724w, https:\/\/adapa-asso.net\/wp-content\/uploads\/2021\/11\/Invitation_15nov2021_filieres_Massiac-page-001-212x300.jpg 212w, https:\/\/adapa-asso.net\/wp-content\/uploads\/2021\/11\/Invitation_15nov2021_filieres_Massiac-page-001-768x1086.jpg 768w, https:\/\/adapa-asso.net\/wp-content\/uploads\/2021\/11\/Invitation_15nov2021_filieres_Massiac-page-001-1086x1536.jpg 1086w, https:\/\/adapa-asso.net\/wp-content\/uploads\/2021\/11\/Invitation_15nov2021_filieres_Massiac-page-001-1448x2048.jpg 1448w, https:\/\/adapa-asso.net\/wp-content\/uploads\/2021\/11\/Invitation_15nov2021_filieres_Massiac-page-001-82x116.jpg 82w, https:\/\/adapa-asso.net\/wp-content\/uploads\/2021\/11\/Invitation_15nov2021_filieres_Massiac-page-001.jpg 1754w\" sizes=\"auto, (max-width: 724px) 100vw, 724px\" \/><\/figure>\n\n\n\n<p><\/p>\n","protected":false},"excerpt":{"rendered":"<p>Journ\u00e9e d\u00e9bat sur la cr\u00e9ation de fili\u00e8res valorisant l\u2019\u00e9levage herbager : enjeux pour l\u2019\u00e9levage bovin de l\u2019Est-Cantal, d\u00e9marches locales en cours, intervention de l\u2019ADAPA sur l\u2019engraissement \u00e0 l\u2019herbe, certifications etc.<\/p>\n","protected":false},"author":2,"featured_media":0,"comment_status":"closed","ping_status":"closed","sticky":false,"template":"","format":"standard","meta":{"_kadence_starter_templates_imported_post":false,"_kad_post_transparent":"","_kad_post_title":"","_kad_post_layout":"","_kad_post_sidebar_id":"","_kad_post_content_style":"","_kad_post_vertical_padding":"","_kad_post_feature":"","_kad_post_feature_position":"","_kad_post_header":false,"_kad_post_footer":false,"_kad_post_classname":"","footnotes":""},"categories":[5],"tags":[],"class_list":["post-536","post","type-post","status-publish","format-standard","hentry","category-engraissement-a-lherbe"],"_links":{"self":[{"href":"https:\/\/adapa-asso.net\/index.php\/wp-json\/wp\/v2\/posts\/536","targetHints":{"allow":["GET"]}}],"collection":[{"href":"https:\/\/adapa-asso.net\/index.php\/wp-json\/wp\/v2\/posts"}],"about":[{"href":"https:\/\/adapa-asso.net\/index.php\/wp-json\/wp\/v2\/types\/post"}],"author":[{"embeddable":true,"href":"https:\/\/adapa-asso.net\/index.php\/wp-json\/wp\/v2\/users\/2"}],"replies":[{"embeddable":true,"href":"https:\/\/adapa-asso.net\/index.php\/wp-json\/wp\/v2\/comments?post=536"}],"version-history":[{"count":2,"href":"https:\/\/adapa-asso.net\/index.php\/wp-json\/wp\/v2\/posts\/536\/revisions"}],"predecessor-version":[{"id":540,"href":"https:\/\/adapa-asso.net\/index.php\/wp-json\/wp\/v2\/posts\/536\/revisions\/540"}],"wp:attachment":[{"href":"https:\/\/adapa-asso.net\/index.php\/wp-json\/wp\/v2\/media?parent=536"}],"wp:term":[{"taxonomy":"category","embeddable":true,"href":"https:\/\/adapa-asso.net\/index.php\/wp-json\/wp\/v2\/categories?post=536"},{"taxonomy":"post_tag","embeddable":true,"href":"https:\/\/adapa-asso.net\/index.php\/wp-json\/wp\/v2\/tags?post=536"}],"curies":[{"name":"wp","href":"https:\/\/api.w.org\/{rel}","templated":true}]}}