{"id":532,"date":"2021-11-02T09:27:24","date_gmt":"2021-11-02T08:27:24","guid":{"rendered":"http:\/\/adapa-asso.net\/?p=532"},"modified":"2022-08-17T14:04:27","modified_gmt":"2022-08-17T12:04:27","slug":"journee-dechanges-parasitisme-paturage-et-plein-air-integral-systeme-mixte-ovin-bovin-lun-8-nov","status":"publish","type":"post","link":"https:\/\/adapa-asso.net\/index.php\/2021\/11\/02\/journee-dechanges-parasitisme-paturage-et-plein-air-integral-systeme-mixte-ovin-bovin-lun-8-nov\/","title":{"rendered":"Journ\u00e9e d&rsquo;\u00e9changes \u00ab\u00a0Parasitisme, p\u00e2turage et plein air int\u00e9gral\u00a0\u00bb syst\u00e8me mixte ovin-bovin. Lun. 8 nov."},"content":{"rendered":"\n<p><em><strong>L<\/strong><strong>undi 8 Novembre 2021 <\/strong><strong>de 10h \u00e0 17h30<\/strong><\/em><\/p>\n\n\n\n<p><strong>chez Julien Miermon, 5 le Cher \u00e0 Sarran (19800)<\/strong><\/p>\n\n\n\n<p><em><strong>Le 23 mars dernier, nous faisions une premi\u00e8re journ\u00e9e sur le parasitisme sur une ferme p\u00e9dagogique avec diff\u00e9rentes esp\u00e8ces et les risques parasitaires associ\u00e9s. <\/strong><\/em><br><em><strong><em><br><\/em>Loin d\u2019avoir \u00e9puis\u00e9 le sujet, nous vous proposons une deuxi\u00e8me journ\u00e9e autour des risques parasitaires en plein air int\u00e9gral sur petits et gros ruminants.<\/strong><\/em><\/p>\n\n\n\n<p>Julien Miermon est install\u00e9 en bovin (40 vaches) et ovin (100 brebis) sur une centaine d\u2019hectares \u00e0 600 m d\u2019altitude avec un chargement relatif assez faible sur des prairies naturelles en majorit\u00e9. Il pratique le p\u00e2turage r\u00e9g\u00e9n\u00e9ratif (p\u00e2ture d\u2019herbe m\u00fbre avec des chargements instantan\u00e9es allant jusqu\u2019\u00e0 1600 UGB\/ha) et l\u2019agriculture de conservation pour les 5 hectares de c\u00e9r\u00e9ales qu\u2019il produit pour les jeunes de son exploitation.<\/p>\n\n\n\n<p>L\u2019objectif de la journ\u00e9e est de comprendre quel type de p\u00e2turage accentue ou diminue les risques parasitaires. Sans le levier de retournement du sol et du plein air int\u00e9gral, nous essaierons de comprendre comment on g\u00e8re les risques parasitaires sur une exploitation.<\/p>\n\n\n\n<p>Delphine Daniel v\u00e9t\u00e9rinaire de l\u2019Alliance Pastorale sera avec nous pour transmettre ses connaissances et \u00e9changer avec nous sur\u00a0:<\/p>\n\n\n\n<ul class=\"wp-block-list\"><li>L\u2019influence des temps de retour sur les cycles parasitaires<\/li><li>L\u2019influence de l\u2019alternance des troupeaux et de la mise-bas en plein air int\u00e9gral<\/li><li>Les particularit\u00e9s de chaque esp\u00e8ce animale en terme d\u2019immunit\u00e9, d\u2019autom\u00e9dication sur des prairies naturelles en fonction des saisons<\/li><li>les m\u00e9thodes de diagnostic et leurs limites<\/li><li>tour d\u2019horizon des traitements: des atouts et des limites<br><\/li><\/ul>\n\n\n\n<p>Nous souhaitons faire de ce moment, un \u00e9change ajust\u00e9 au plus pr\u00e8s de vos besoins d\u2019\u00e9leveurs.<\/p>\n\n\n\n<p>Inscrivez-vous pour que je vous transmette le compte-rendu de la premi\u00e8re journ\u00e9e. Pr\u00e9cisez-moi ce que vous souhaitez approfondir\u2026etc<\/p>\n\n\n\n<p><strong>Pour<\/strong> <strong>s\u2019inscrire<\/strong><\/p>\n\n\n\n<p>Caroline Dos Santos 06 77 19 48 19 \/ <a href=\"mailto:caroline.dos-santoe@civam.org\">caroline.dos-santos@<\/a>adapa-asso.net<\/p>\n\n\n\n<p>Journ\u00e9e organis\u00e9e par l\u2019ADAPA dans le cadre du programme ADMM : <\/p>\n\n\n\n<figure class=\"wp-block-image size-large is-resized\"><img loading=\"lazy\" decoding=\"async\" src=\"https:\/\/adapa-asso.net\/wp-content\/uploads\/2020\/12\/ADMM.png\" alt=\"\" class=\"wp-image-317\" width=\"177\" height=\"151\" srcset=\"https:\/\/adapa-asso.net\/wp-content\/uploads\/2020\/12\/ADMM.png 582w, https:\/\/adapa-asso.net\/wp-content\/uploads\/2020\/12\/ADMM-300x257.png 300w, https:\/\/adapa-asso.net\/wp-content\/uploads\/2020\/12\/ADMM-136x116.png 136w\" sizes=\"auto, (max-width: 177px) 100vw, 177px\" \/><\/figure>\n\n\n\n<p>et financ\u00e9e par\u00a0:<\/p>\n\n\n\n<figure class=\"wp-block-image size-large is-resized\"><img loading=\"lazy\" decoding=\"async\" src=\"https:\/\/adapa-asso.net\/wp-content\/uploads\/2020\/12\/VIVEA.jpg\" alt=\"\" class=\"wp-image-320\" width=\"171\" height=\"85\" srcset=\"https:\/\/adapa-asso.net\/wp-content\/uploads\/2020\/12\/VIVEA.jpg 319w, https:\/\/adapa-asso.net\/wp-content\/uploads\/2020\/12\/VIVEA-300x149.jpg 300w, https:\/\/adapa-asso.net\/wp-content\/uploads\/2020\/12\/VIVEA-228x113.jpg 228w\" sizes=\"auto, (max-width: 171px) 100vw, 171px\" \/><\/figure>\n\n\n\n<figure class=\"wp-block-image size-large is-resized\"><img loading=\"lazy\" decoding=\"async\" src=\"https:\/\/adapa-asso.net\/wp-content\/uploads\/2020\/12\/NouvelleAquitaine.jpg\" alt=\"\" class=\"wp-image-319\" width=\"207\" height=\"116\" srcset=\"https:\/\/adapa-asso.net\/wp-content\/uploads\/2020\/12\/NouvelleAquitaine.jpg 870w, https:\/\/adapa-asso.net\/wp-content\/uploads\/2020\/12\/NouvelleAquitaine-300x169.jpg 300w, https:\/\/adapa-asso.net\/wp-content\/uploads\/2020\/12\/NouvelleAquitaine-768x432.jpg 768w, https:\/\/adapa-asso.net\/wp-content\/uploads\/2020\/12\/NouvelleAquitaine-206x116.jpg 206w\" sizes=\"auto, (max-width: 207px) 100vw, 207px\" \/><\/figure>\n\n\n\n<figure class=\"wp-block-image size-large is-resized\"><img loading=\"lazy\" decoding=\"async\" src=\"https:\/\/adapa-asso.net\/wp-content\/uploads\/2020\/12\/ANCT_Logo-2-1024x401.png\" alt=\"\" class=\"wp-image-405\" width=\"363\" height=\"142\" srcset=\"https:\/\/adapa-asso.net\/wp-content\/uploads\/2020\/12\/ANCT_Logo-2-1024x401.png 1024w, https:\/\/adapa-asso.net\/wp-content\/uploads\/2020\/12\/ANCT_Logo-2-300x118.png 300w, https:\/\/adapa-asso.net\/wp-content\/uploads\/2020\/12\/ANCT_Logo-2-768x301.png 768w, https:\/\/adapa-asso.net\/wp-content\/uploads\/2020\/12\/ANCT_Logo-2-1536x602.png 1536w, https:\/\/adapa-asso.net\/wp-content\/uploads\/2020\/12\/ANCT_Logo-2-2048x803.png 2048w, https:\/\/adapa-asso.net\/wp-content\/uploads\/2020\/12\/ANCT_Logo-2-228x89.png 228w\" sizes=\"auto, (max-width: 363px) 100vw, 363px\" \/><\/figure>\n","protected":false},"excerpt":{"rendered":"<p>Lundi 8 Novembre 2021 de 10h \u00e0 17h30 chez Julien Miermon, 5 le Cher \u00e0 Sarran (19800) Le 23 mars dernier, nous faisions une premi\u00e8re journ\u00e9e sur le parasitisme sur une ferme p\u00e9dagogique avec diff\u00e9rentes esp\u00e8ces et les risques parasitaires associ\u00e9s. Loin d\u2019avoir \u00e9puis\u00e9 le sujet, nous vous proposons une deuxi\u00e8me journ\u00e9e autour des risques&#8230;<\/p>\n","protected":false},"author":2,"featured_media":0,"comment_status":"closed","ping_status":"closed","sticky":false,"template":"","format":"standard","meta":{"_kadence_starter_templates_imported_post":false,"_kad_post_transparent":"","_kad_post_title":"","_kad_post_layout":"","_kad_post_sidebar_id":"","_kad_post_content_style":"","_kad_post_vertical_padding":"","_kad_post_feature":"","_kad_post_feature_position":"","_kad_post_header":false,"_kad_post_footer":false,"_kad_post_classname":"","footnotes":""},"categories":[4],"tags":[],"class_list":["post-532","post","type-post","status-publish","format-standard","hentry","category-biodiversite"],"_links":{"self":[{"href":"https:\/\/adapa-asso.net\/index.php\/wp-json\/wp\/v2\/posts\/532","targetHints":{"allow":["GET"]}}],"collection":[{"href":"https:\/\/adapa-asso.net\/index.php\/wp-json\/wp\/v2\/posts"}],"about":[{"href":"https:\/\/adapa-asso.net\/index.php\/wp-json\/wp\/v2\/types\/post"}],"author":[{"embeddable":true,"href":"https:\/\/adapa-asso.net\/index.php\/wp-json\/wp\/v2\/users\/2"}],"replies":[{"embeddable":true,"href":"https:\/\/adapa-asso.net\/index.php\/wp-json\/wp\/v2\/comments?post=532"}],"version-history":[{"count":1,"href":"https:\/\/adapa-asso.net\/index.php\/wp-json\/wp\/v2\/posts\/532\/revisions"}],"predecessor-version":[{"id":533,"href":"https:\/\/adapa-asso.net\/index.php\/wp-json\/wp\/v2\/posts\/532\/revisions\/533"}],"wp:attachment":[{"href":"https:\/\/adapa-asso.net\/index.php\/wp-json\/wp\/v2\/media?parent=532"}],"wp:term":[{"taxonomy":"category","embeddable":true,"href":"https:\/\/adapa-asso.net\/index.php\/wp-json\/wp\/v2\/categories?post=532"},{"taxonomy":"post_tag","embeddable":true,"href":"https:\/\/adapa-asso.net\/index.php\/wp-json\/wp\/v2\/tags?post=532"}],"curies":[{"name":"wp","href":"https:\/\/api.w.org\/{rel}","templated":true}]}}