{"id":1464,"date":"2026-08-31T15:25:28","date_gmt":"2026-08-31T13:25:28","guid":{"rendered":"https:\/\/adapa-asso.net\/?p=1464"},"modified":"2026-08-31T15:25:29","modified_gmt":"2026-08-31T13:25:29","slug":"tendre-vers-lengraissement-a-lherbe-des-ses-bovins","status":"publish","type":"post","link":"https:\/\/adapa-asso.net\/index.php\/2026\/08\/31\/tendre-vers-lengraissement-a-lherbe-des-ses-bovins\/","title":{"rendered":"Tendre vers l&rsquo;engraissement \u00e0 l&rsquo;herbe des ses bovins"},"content":{"rendered":"\n<p class=\"wp-block-paragraph\"><strong>Date : <\/strong>Mardi 3 novembre 2026, 9h30-17h30<\/p>\n\n\n\n<p class=\"wp-block-paragraph\"><strong>Lieu : <\/strong>Sauviat-sur-Vige (87)<\/p>\n\n\n\n<p class=\"wp-block-paragraph\"><strong>Bruno <\/strong>est \u00e9leveur de vaches limousines sur une ferme de 80 ha en agriculture biologique. Attach\u00e9 \u00e0 la biodiversit\u00e9 et \u00e0 gagner en autonomie sur sa ferme pour avoir un syst\u00e8me viable et durable pour l&rsquo;environnement, les animaux et les humains, il s&rsquo;est essay\u00e9 \u00e0 l&rsquo;engraissement \u00e0 l&rsquo;herbe sur plusieurs de ses lots. La finition des animaux (r\u00e9formes et g\u00e9nisses) se r\u00e9v\u00e8le compliqu\u00e9e avec une alimentation 100% herbag\u00e8re et il est oblig\u00e9 de compl\u00e9menter ses animaux avec les c\u00e9r\u00e9ales de sa ferme. <\/p>\n\n\n\n<p class=\"wp-block-paragraph\"><strong>Objectifs de la journ\u00e9e : <\/strong><\/p>\n\n\n\n<ul class=\"wp-block-list\">\n<li>\u00c9changer autour de Bruno sur les conditions de r\u00e9ussite de l&rsquo;engraissement \u00e0 l&rsquo;herbe, notamment pour les r\u00e9formes<\/li>\n\n\n\n<li>Identifier les pistes pour r\u00e9ussir l&rsquo;engraissement \u00e0 l&rsquo;herbe : gestion du p\u00e2turage, g\u00e9n\u00e9tique, sant\u00e9 du troupeau, \u00e9tat d&rsquo;engraissement, etc<\/li>\n\n\n\n<li>R\u00e9fl\u00e9chir sur la valorisation \u00e9conomique des viandes \u00e0 l&rsquo;herbe : fili\u00e8res longues en AB, vente directe, \u00e9conomies de charge&#8230;<\/li>\n\n\n\n<li>Autres th\u00e9matiques que vous souhaiteriez partager autour de la gestion de l&rsquo;herbe et l&rsquo;engraissement \u00e0 l&rsquo;herbe.<\/li>\n<\/ul>\n\n\n\n<p class=\"wp-block-paragraph\"><strong>Cette journ\u00e9e d&rsquo;\u00e9change est destin\u00e9e \u00e0 soutenir un \u00e9leveur dans son travail, mais les \u00e9changes peuvent b\u00e9n\u00e9ficier \u00e0 tout \u00e9leveur<\/strong> qui souhaite r\u00e9fl\u00e9chir \u00e0 la mise en place de l&rsquo;engraissement \u00e0 l&rsquo;herbe, \u00e0 accorder une place plus importante \u00e0 l&rsquo;herbe dans la ration ou perfectionner la finition de ses animaux. <\/p>\n\n\n\n<p class=\"wp-block-paragraph\"><strong>Modalit\u00e9s :<\/strong> Cette formation est accessible via votre fond VIVEA pour les \u00e9leveurs install\u00e9s (210\u20ac pour la journ\u00e9e), gratuite pour les porteurs de projets \u00e0 l\u2019installation. Nous vous demandons \u00e9galement d\u2019adh\u00e9rer \u00e0 l\u2019ADAPA pour l\u2019ann\u00e9e 2026 \u00e0 prix libre.<\/p>\n\n\n\n<p class=\"wp-block-paragraph\"><strong>Pour s\u2019inscrire :<\/strong> Mathilde Gauchet \u2013 07 82 61 31 87 \u2013 mathilde.gauchet@adapa-asso.net<\/p>\n","protected":false},"excerpt":{"rendered":"<p>Date : Mardi 3 novembre 2026, 9h30-17h30 Lieu : Sauviat-sur-Vige (87) Bruno est \u00e9leveur de vaches limousines sur une ferme de 80 ha en agriculture biologique. Attach\u00e9 \u00e0 la biodiversit\u00e9 et \u00e0 gagner en autonomie sur sa ferme pour avoir un syst\u00e8me viable et durable pour l&rsquo;environnement, les animaux et les humains, il s&rsquo;est essay\u00e9&#8230;<\/p>\n","protected":false},"author":2,"featured_media":0,"comment_status":"closed","ping_status":"open","sticky":false,"template":"","format":"standard","meta":{"_kadence_starter_templates_imported_post":false,"_kad_post_transparent":"","_kad_post_title":"","_kad_post_layout":"","_kad_post_sidebar_id":"","_kad_post_content_style":"","_kad_post_vertical_padding":"","_kad_post_feature":"","_kad_post_feature_position":"","_kad_post_header":false,"_kad_post_footer":false,"_kad_post_classname":"","footnotes":""},"categories":[5,24],"tags":[38,12,39,16],"class_list":["post-1464","post","type-post","status-publish","format-standard","hentry","category-engraissement-a-lherbe","category-echangeetformation","tag-elevage","tag-engraissement-a-lherbe","tag-journee-dechanges","tag-limousin"],"_links":{"self":[{"href":"https:\/\/adapa-asso.net\/index.php\/wp-json\/wp\/v2\/posts\/1464","targetHints":{"allow":["GET"]}}],"collection":[{"href":"https:\/\/adapa-asso.net\/index.php\/wp-json\/wp\/v2\/posts"}],"about":[{"href":"https:\/\/adapa-asso.net\/index.php\/wp-json\/wp\/v2\/types\/post"}],"author":[{"embeddable":true,"href":"https:\/\/adapa-asso.net\/index.php\/wp-json\/wp\/v2\/users\/2"}],"replies":[{"embeddable":true,"href":"https:\/\/adapa-asso.net\/index.php\/wp-json\/wp\/v2\/comments?post=1464"}],"version-history":[{"count":1,"href":"https:\/\/adapa-asso.net\/index.php\/wp-json\/wp\/v2\/posts\/1464\/revisions"}],"predecessor-version":[{"id":1465,"href":"https:\/\/adapa-asso.net\/index.php\/wp-json\/wp\/v2\/posts\/1464\/revisions\/1465"}],"wp:attachment":[{"href":"https:\/\/adapa-asso.net\/index.php\/wp-json\/wp\/v2\/media?parent=1464"}],"wp:term":[{"taxonomy":"category","embeddable":true,"href":"https:\/\/adapa-asso.net\/index.php\/wp-json\/wp\/v2\/categories?post=1464"},{"taxonomy":"post_tag","embeddable":true,"href":"https:\/\/adapa-asso.net\/index.php\/wp-json\/wp\/v2\/tags?post=1464"}],"curies":[{"name":"wp","href":"https:\/\/api.w.org\/{rel}","templated":true}]}}