{"id":1400,"date":"2026-03-10T11:33:49","date_gmt":"2026-03-10T10:33:49","guid":{"rendered":"https:\/\/adapa-asso.net\/?p=1400"},"modified":"2026-04-02T11:33:03","modified_gmt":"2026-04-02T09:33:03","slug":"journee-gestion-des-milieux-humides-paturage-et-amenagement-des-cours-deau-vendredi-3-avril-2026","status":"publish","type":"post","link":"https:\/\/adapa-asso.net\/index.php\/2026\/03\/10\/journee-gestion-des-milieux-humides-paturage-et-amenagement-des-cours-deau-vendredi-3-avril-2026\/","title":{"rendered":"Journ\u00e9e Gestion des milieux humides : p\u00e2turage et am\u00e9nagement des cours d&rsquo;eau"},"content":{"rendered":"\n<p><strong>Vendredi 24 avril 2026<\/strong>, de 9h30 \u00e0 17h30<\/p>\n\n\n\n<p><strong>Magnac-Bourg (87)<\/strong> Matin\u00e9e : en salle \u00e0 l\u2019espace Briance-Breuil. Apr\u00e8s-midi : chez Fr\u00e9d\u00e9ric Lascaux, \u00e9leveur ovins et bovins allaitants<\/p>\n\n\n\n<p><strong>\u2013 Comprendre les r\u00e9glementations en vigueur pour la gestion des zones humides et abords de cours d\u2019eau\u00a0: conna\u00eetre les contraintes et leurs raisons d\u2019\u00eatre ;<\/strong><\/p>\n\n\n\n<p><strong>\u2013 Identifier des pratiques et am\u00e9nagements adapt\u00e9s \u00e0 la conduite de son \u00e9levage pour p\u00e2turer sur les zones humides en respectant leur \u00e9quilibre \u00e9cologique.<\/strong><\/p>\n\n\n\n<p>Cette journ\u00e9e est organis\u00e9e \u00e0 la demande du syndicat d\u2019Am\u00e9nagement du Bassin de la Vienne (SABV) dans le cadre de la contractualisation des MAEC \u00ab\u00a0Pr\u00e9servation des milieux humides\u00a0\u00bb et \u00ab\u00a0Pr\u00e9servation des milieux humides \u2013 gestion par le p\u00e2turage\u00a0\u00bb. Elle est \u00e0 destination prioritaire des \u00e9leveurs qui ont contractualis\u00e9 ces MAEC, mais les places restantes peuvent \u00eatre attribu\u00e9es \u00e0 tout \u00e9leveur ou futur \u00e9leveur int\u00e9ress\u00e9. <strong><br><\/strong><\/p>\n\n\n\n<p>Intervention de Vincent Perrier, charg\u00e9 de mission zones humides au <em><a href=\"https:\/\/cen-nouvelle-aquitaine.org\/\">Conservatoire d\u2019Espaces Naturels de Nouvelle-Aquitaine<\/a>.\u00a0<\/em>Nous souhaitons \u00e0 la fois transmettre certaines informations sur la fonction, atouts et enjeux pour pr\u00e9server les zones humides du parcellaire, mais \u00e9galement favoriser les \u00e9changes entre \u00e9leveurs pour que les pratiques identifi\u00e9es puissent \u00eatre applicables aux \u00e9levages de chacun.<\/p>\n\n\n\n<p><br><strong>Programme\u00a0 \u00a0 \u00a0 \u00a0 \u00a0 \u00a0 \u00a0 \u00a0<\/strong> <\/p>\n\n\n\n<p>\u2013 9h30, Accueil caf\u00e9 et tour de table ; <\/p>\n\n\n\n<p>\u2013 10h, R\u00e9glementation en vigueur sur les zones humides et abords de cours d\u2019eau : exigences de la DDT, contraintes li\u00e9es \u00e0 la contractualisation des MAEC ; <\/p>\n\n\n\n<p>\u2013 11h, Comment fonctionne une zone humide, les enjeux de leur pr\u00e9servation et exemples de diff\u00e9rents am\u00e9nagements qui peuvent y \u00eatre r\u00e9alis\u00e9s ; <\/p>\n\n\n\n<p>\u2013 12h, Valoriser les zones humides par le p\u00e2turage tournant du printemps \u00e0 l\u2019automne :\u00a0valeurs nutritives de ces prairies, dynamiser le p\u00e2turage sur ces zones pour optimiser l\u2019utilisation de l\u2019herbe et limiter le chargement sur l\u2019ann\u00e9e, pr\u00e9server son troupeau du risque parasitaire en milieu humide ; <\/p>\n\n\n\n<p><strong>Repas collectif au restaurant <\/strong><\/p>\n\n\n\n<p>\u2013 14h15, Tour de parcelles chez Fr\u00e9d\u00e9ric Lascaud (\u00e9leveur en syst\u00e8me mixte bovins et ovins allaitants \u00e0 Magnac-Bourg) avec \u00e9changes entre \u00e9leveurs et conseils sur la gestion des pr\u00e9s de fond et abords de ruisseaux : quels am\u00e9nagements pour permettre l\u2019abreuvement des animaux et leur d\u00e9placement, optimiser le p\u00e2turage, entretien (m\u00e9canique et pastoral) de ces zones\u00a0pour les pr\u00e9server,\u00a0question des drainages et rigoles existantes,\u00a0; <\/p>\n\n\n\n<p>\u2013 17h, Bilan et cl\u00f4ture de la journ\u00e9e\u00a0<br><\/p>\n\n\n\n<p><strong>Modalit\u00e9s :<\/strong> Cette formation est accessible via votre fond VIVEA pour les \u00e9leveurs install\u00e9s (210\u20ac pour la journ\u00e9e), gratuite pour les porteurs de projets \u00e0 l\u2019installation.<br><\/p>\n\n\n\n<p><strong>Pour s\u2019inscrire :<\/strong> Mathilde Gauchet \u2013 07 82 61 31 87 \u2013 mathilde.gauchet@adapa-asso.net<\/p>\n","protected":false},"excerpt":{"rendered":"<p>Vendredi 24 avril 2026, de 9h30 \u00e0 17h30 Magnac-Bourg (87) Matin\u00e9e : en salle \u00e0 l\u2019espace Briance-Breuil. Apr\u00e8s-midi : chez Fr\u00e9d\u00e9ric Lascaux, \u00e9leveur ovins et bovins allaitants \u2013 Comprendre les r\u00e9glementations en vigueur pour la gestion des zones humides et abords de cours d\u2019eau\u00a0: conna\u00eetre les contraintes et leurs raisons d\u2019\u00eatre ; \u2013 Identifier des&#8230;<\/p>\n","protected":false},"author":2,"featured_media":0,"comment_status":"closed","ping_status":"open","sticky":false,"template":"","format":"standard","meta":{"_kadence_starter_templates_imported_post":false,"_kad_post_transparent":"","_kad_post_title":"","_kad_post_layout":"","_kad_post_sidebar_id":"","_kad_post_content_style":"","_kad_post_vertical_padding":"","_kad_post_feature":"","_kad_post_feature_position":"","_kad_post_header":false,"_kad_post_footer":false,"_kad_post_classname":"","footnotes":""},"categories":[4,5,29,24],"tags":[],"class_list":["post-1400","post","type-post","status-publish","format-standard","hentry","category-biodiversite","category-engraissement-a-lherbe","category-herbe","category-echangeetformation"],"_links":{"self":[{"href":"https:\/\/adapa-asso.net\/index.php\/wp-json\/wp\/v2\/posts\/1400","targetHints":{"allow":["GET"]}}],"collection":[{"href":"https:\/\/adapa-asso.net\/index.php\/wp-json\/wp\/v2\/posts"}],"about":[{"href":"https:\/\/adapa-asso.net\/index.php\/wp-json\/wp\/v2\/types\/post"}],"author":[{"embeddable":true,"href":"https:\/\/adapa-asso.net\/index.php\/wp-json\/wp\/v2\/users\/2"}],"replies":[{"embeddable":true,"href":"https:\/\/adapa-asso.net\/index.php\/wp-json\/wp\/v2\/comments?post=1400"}],"version-history":[{"count":6,"href":"https:\/\/adapa-asso.net\/index.php\/wp-json\/wp\/v2\/posts\/1400\/revisions"}],"predecessor-version":[{"id":1428,"href":"https:\/\/adapa-asso.net\/index.php\/wp-json\/wp\/v2\/posts\/1400\/revisions\/1428"}],"wp:attachment":[{"href":"https:\/\/adapa-asso.net\/index.php\/wp-json\/wp\/v2\/media?parent=1400"}],"wp:term":[{"taxonomy":"category","embeddable":true,"href":"https:\/\/adapa-asso.net\/index.php\/wp-json\/wp\/v2\/categories?post=1400"},{"taxonomy":"post_tag","embeddable":true,"href":"https:\/\/adapa-asso.net\/index.php\/wp-json\/wp\/v2\/tags?post=1400"}],"curies":[{"name":"wp","href":"https:\/\/api.w.org\/{rel}","templated":true}]}}