{"id":1398,"date":"2026-03-10T09:32:25","date_gmt":"2026-03-10T08:32:25","guid":{"rendered":"https:\/\/adapa-asso.net\/?p=1398"},"modified":"2026-03-26T18:37:41","modified_gmt":"2026-03-26T17:37:41","slug":"journee-principes-et-mise-en-pratique-du-paturage-tournant-mardi-28-avril-2026","status":"publish","type":"post","link":"https:\/\/adapa-asso.net\/index.php\/2026\/03\/10\/journee-principes-et-mise-en-pratique-du-paturage-tournant-mardi-28-avril-2026\/","title":{"rendered":"Journ\u00e9e Principes et mise en pratique du p\u00e2turage tournant"},"content":{"rendered":"\n<p><strong>Mardi 28 avril 2026<\/strong> <strong>\u00e0 Juillac (19)<\/strong>, de 9h30 \u00e0 17h30<\/p>\n\n\n\n<p><strong>Chez Anthony Pialeport, \u00e9leveur bovin en syst\u00e8me naisseur engraisseur de race limousine, de 9h30 \u00e0 17h30. <\/strong>En mai 2023, Anthony s\u2019installe sur l\u2019exploitation o\u00f9 il a \u00e9t\u00e9 salari\u00e9 durant 10 ans. L\u2019exploitation est en veaux de lait et broutards sur 75 ha, r\u00e9partis en 5 \u00eelots dont une vingtaine d\u2019ha autour des b\u00e2timents. Depuis son installation, Anthony a largement modifi\u00e9 le syst\u00e8me : il a arr\u00eat\u00e9 la production de veaux de lait pour un syst\u00e8mes broutard naisseur engraisseur. En 2026, il commence la vente directe.<\/p>\n\n\n\n<p><strong>Comment optimiser ma gestion de l\u2019herbe tout au long de l\u2019ann\u00e9e ? Comment mettre en place le p\u00e2turage tournant sur mon exploitation ? Quelle place donner au p\u00e2turage hivernal ? Comment g\u00e9rer l\u2019abreuvement dans les paddocks ?<\/strong> <strong>Comment g\u00e9rer les zones humides ?<\/strong> <strong>Comment cr\u00e9er ses lots d\u2019animaux sur les parcelles ?<\/strong><\/p>\n\n\n\n<p><strong>Le matin<\/strong> : Pr\u00e9sentation des bases th\u00e9oriques du p\u00e2turage tournant et du cycle de l\u2019herbe. T\u00e9moignages : Anthony partagera son exp\u00e9rience de la mise en place du p\u00e2turage tournant pour 3 premiers lots (r\u00e9ussites, \u00e9checs, perspectives de travail, cons\u00e9quences financi\u00e8res et sur le temps de travail), et Jacques partagera ses apprentissages de 20 ans d\u2019\u00e9levage herbager en bovins allaitants.  Points sur les exp\u00e9riences de chacun des \u00e9leveurs pr\u00e9sents lors d\u2019un tour de parcelles. <\/p>\n\n\n\n<p><strong>\u00c0 midi, venez avec quelque chose \u00e0 partager pour manger tous ensemble.<\/strong><\/p>\n\n\n\n<p><strong>L\u2019apr\u00e8s-midi<\/strong> : A l\u2019aide des cartes cadastrales, des observations de la matin\u00e9e et des exp\u00e9riences et savoirs de chacun nous t\u00e2cherons de construire un plan de p\u00e2turage pour les 3 derniers lots d\u2019animaux \u00e0 passer au p\u00e2turage tournant. Nous d\u00e9crirons les \u00e9tapes interm\u00e9diaires en fonction des contraintes de l\u2019\u00e9leveur li\u00e9 \u00e0 l\u2019\u00e9volution de son syst\u00e8me (date de v\u00ealage, niveau de charges, balances co\u00fbt\/b\u00e9n\u00e9fices du changement).<\/p>\n\n\n\n<p><strong>Modalit\u00e9s d\u2019acc\u00e8s : <\/strong>La journ\u00e9e est financ\u00e9e via vos droits \u00e0 la formation VIV\u00c9A. Cr\u00e9dits utilis\u00e9s : 210\u20ac pour la journ\u00e9e. Journ\u00e9e gratuite pour les personnes non finan\u00e7ables. La journ\u00e9e s\u2019adresse \u00e0 tous les agriculteurs int\u00e9ress\u00e9s par cette th\u00e9matique, d\u00e9j\u00e0 install\u00e9s ou futurs \u00e9leveurs d\u2019animaux herbivores. <\/p>\n\n\n\n<p><strong>Pour venir : <\/strong>la ferme se situe au lieu dit Cherveix, sur la D52. Le rendez-vous du matin est donn\u00e9 au premier b\u00e2timent \u00e0 \u00e0 gauche sur la route du lieu-dit, qui comporte des panneaux photovolta\u00efques sur le toit. Pour ceux qui arriveraient en diff\u00e9r\u00e9, appelez-nous pour nous retrouver sur les parcelles.<\/p>\n\n\n\n<p><strong>Pour<\/strong> <strong>s\u2019inscrire<\/strong> : Mathilde Gauchet \u2013  07.82.61.31.87 \u2013 mathilde.gauchet<a href=\"mailto:caroline.dos-santoe@civam.org\"><u>@<\/u><\/a>adapa-asso.net<\/p>\n\n\n\n<p><\/p>\n","protected":false},"excerpt":{"rendered":"<p>Mardi 28 avril 2026 \u00e0 Juillac (19), de 9h30 \u00e0 17h30 Chez Anthony Pialeport, \u00e9leveur bovin en syst\u00e8me naisseur engraisseur de race limousine, de 9h30 \u00e0 17h30. En mai 2023, Anthony s\u2019installe sur l\u2019exploitation o\u00f9 il a \u00e9t\u00e9 salari\u00e9 durant 10 ans. L\u2019exploitation est en veaux de lait et broutards sur 75 ha, r\u00e9partis en&#8230;<\/p>\n","protected":false},"author":2,"featured_media":0,"comment_status":"closed","ping_status":"open","sticky":false,"template":"","format":"standard","meta":{"_kadence_starter_templates_imported_post":false,"_kad_post_transparent":"","_kad_post_title":"","_kad_post_layout":"","_kad_post_sidebar_id":"","_kad_post_content_style":"","_kad_post_vertical_padding":"","_kad_post_feature":"","_kad_post_feature_position":"","_kad_post_header":false,"_kad_post_footer":false,"_kad_post_classname":"","footnotes":""},"categories":[1,5,29,24],"tags":[],"class_list":["post-1398","post","type-post","status-publish","format-standard","hentry","category-climat","category-engraissement-a-lherbe","category-herbe","category-echangeetformation"],"_links":{"self":[{"href":"https:\/\/adapa-asso.net\/index.php\/wp-json\/wp\/v2\/posts\/1398","targetHints":{"allow":["GET"]}}],"collection":[{"href":"https:\/\/adapa-asso.net\/index.php\/wp-json\/wp\/v2\/posts"}],"about":[{"href":"https:\/\/adapa-asso.net\/index.php\/wp-json\/wp\/v2\/types\/post"}],"author":[{"embeddable":true,"href":"https:\/\/adapa-asso.net\/index.php\/wp-json\/wp\/v2\/users\/2"}],"replies":[{"embeddable":true,"href":"https:\/\/adapa-asso.net\/index.php\/wp-json\/wp\/v2\/comments?post=1398"}],"version-history":[{"count":2,"href":"https:\/\/adapa-asso.net\/index.php\/wp-json\/wp\/v2\/posts\/1398\/revisions"}],"predecessor-version":[{"id":1422,"href":"https:\/\/adapa-asso.net\/index.php\/wp-json\/wp\/v2\/posts\/1398\/revisions\/1422"}],"wp:attachment":[{"href":"https:\/\/adapa-asso.net\/index.php\/wp-json\/wp\/v2\/media?parent=1398"}],"wp:term":[{"taxonomy":"category","embeddable":true,"href":"https:\/\/adapa-asso.net\/index.php\/wp-json\/wp\/v2\/categories?post=1398"},{"taxonomy":"post_tag","embeddable":true,"href":"https:\/\/adapa-asso.net\/index.php\/wp-json\/wp\/v2\/tags?post=1398"}],"curies":[{"name":"wp","href":"https:\/\/api.w.org\/{rel}","templated":true}]}}